{"id":2141,"date":"2025-12-08T09:00:00","date_gmt":"2025-12-08T08:00:00","guid":{"rendered":"https:\/\/www.analogist.de\/tu-voz-importa-ayudanos-a-dar-forma-al-futuro-de-analogist-de\/"},"modified":"2025-12-08T09:00:00","modified_gmt":"2025-12-08T08:00:00","slug":"tu-voz-importa-ayudanos-a-dar-forma-al-futuro-de-analogist-de","status":"publish","type":"post","link":"https:\/\/www.analogist.de\/es\/tu-voz-importa-ayudanos-a-dar-forma-al-futuro-de-analogist-de\/","title":{"rendered":"Tu voz importa: Ay\u00fadanos a dar forma al futuro de Analogist.de"},"content":{"rendered":"<div class=\"teaser\">Creemos en el poder de los comentarios de la comunidad. \u00a1Comparte tus ideas!<\/div>\n<h1>Tu voz importa: Ay\u00fadanos a dar forma al futuro de Analogist.de<\/h1>\n<p>En Analogist.de, estamos comprometidos a crear productos que satisfagan las necesidades y deseos de nuestra comunidad. Entendemos que tus comentarios son cruciales para guiar nuestro desarrollo y dar forma al futuro. Por eso nos dirigimos a ti\u2014nuestros valiosos usuarios\u2014para que compartan sus deseos y sugerencias para futuros productos.<\/p>\n<p>Este enfoque proactivo no solo nos ayuda a comprender lo que buscan nuestros usuarios, sino que tambi\u00e9n fomenta una relaci\u00f3n s\u00f3lida con nuestra comunidad. Al animarte a participar en el proceso de desarrollo de productos, buscamos crear soluciones que est\u00e9n directamente alineadas con tus expectativas.<\/p>\n<p>Imagina una plataforma en la que puedes influir en las caracter\u00edsticas de los productos que utilizas a diario. \u00bfAlguna vez has deseado un formato o funci\u00f3n espec\u00edfico que no est\u00e1 disponible? \u00a1Ahora es el momento de expresar esos deseos! Queremos escuchar tus pensamientos\u2014ya sea sobre nuevas funciones, una mejor usabilidad o formatos innovadores que puedan mejorar tu experiencia.<\/p>\n<p>\u00bfC\u00f3mo puedes contribuir? Simplemente deja tus ideas en los comentarios a continuaci\u00f3n o cont\u00e1ctanos a trav\u00e9s de nuestros canales de redes sociales. Cada sugerencia es valiosa, sin importar cu\u00e1n grande o peque\u00f1a sea. Tu retroalimentaci\u00f3n es una parte integral de nuestro proceso de desarrollo, y queremos asegurarnos de que te sientas escuchado.<\/p>\n<p>Creemos que la colaboraci\u00f3n es clave para nuestro \u00e9xito. Al integrar tus ideas en nuestro proceso de toma de decisiones, podemos crear productos que no solo cumplan, sino que superen tus expectativas. Este es un viaje colaborativo, y estamos emocionados de embarcarnos en \u00e9l contigo.<\/p>\n<p>Nuestra comunidad es nuestro mayor activo. Tus experiencias, pensamientos y comentarios pueden ayudarnos a crear una plataforma que realmente resuene con nuestros usuarios. Trabajemos juntos para hacer de Analogist.de un lugar que refleje tus necesidades y deseos.<\/p>\n<p>A medida que lancemos nuevos productos y funciones, te mantendremos informado de c\u00f3mo tus sugerencias influyen en nuestro desarrollo. Juntos, podemos crear un entorno empoderador que mejore la experiencia general del usuario.<\/p>\n<p>Tu opini\u00f3n cuenta\u20145 minutos de tu tiempo pueden ayudarnos a construir una mejor plataforma. \u00a1\u00danete a nosotros para dar forma al futuro de Analogist.de!<\/p>\n","protected":false},"excerpt":{"rendered":"<p>Creemos en el poder de los comentarios de la comunidad. \u00a1Comparte tus ideas! Tu voz importa: Ay\u00fadanos a dar forma al futuro de Analogist.de En Analogist.de, estamos comprometidos a crear productos que satisfagan las necesidades y deseos de nuestra comunidad. Entendemos que tus comentarios son cruciales para guiar nuestro desarrollo y dar forma al futuro. [&hellip;]<\/p>\n","protected":false},"author":94,"featured_media":2136,"comment_status":"closed","ping_status":"closed","sticky":false,"template":"","format":"standard","meta":{"_acf_changed":false,"_et_pb_use_builder":"","_et_pb_old_content":"","_et_gb_content_width":"","inline_featured_image":false,"_jetpack_memberships_contains_paid_content":false,"footnotes":""},"categories":[134,1],"tags":[],"class_list":["post-2141","post","type-post","status-publish","format-standard","has-post-thumbnail","hentry","category-sin-categoria","category-unkategorisiert"],"acf":[],"yoast_head":"<!-- This site is optimized with the Yoast SEO plugin v26.7 - https:\/\/yoast.com\/wordpress\/plugins\/seo\/ -->\n<title>Tu voz importa: Ay\u00fadanos a dar forma al futuro de Analogist.de - Analogist - Die Lust am Analogen<\/title>\n<meta name=\"robots\" content=\"index, follow, max-snippet:-1, max-image-preview:large, max-video-preview:-1\" \/>\n<link rel=\"canonical\" href=\"https:\/\/www.analogist.de\/tu-voz-importa-ayudanos-a-dar-forma-al-futuro-de-analogist-de\/\" \/>\n<meta property=\"og:locale\" content=\"es_ES\" \/>\n<meta property=\"og:type\" content=\"article\" \/>\n<meta property=\"og:title\" content=\"Tu voz importa: Ay\u00fadanos a dar forma al futuro de Analogist.de - Analogist - Die Lust am Analogen\" \/>\n<meta property=\"og:description\" content=\"Creemos en el poder de los comentarios de la comunidad. \u00a1Comparte tus ideas! Tu voz importa: Ay\u00fadanos a dar forma al futuro de Analogist.de En Analogist.de, estamos comprometidos a crear productos que satisfagan las necesidades y deseos de nuestra comunidad. Entendemos que tus comentarios son cruciales para guiar nuestro desarrollo y dar forma al futuro. [&hellip;]\" \/>\n<meta property=\"og:url\" content=\"https:\/\/www.analogist.de\/tu-voz-importa-ayudanos-a-dar-forma-al-futuro-de-analogist-de\/\" \/>\n<meta property=\"og:site_name\" content=\"Analogist - Die Lust am Analogen\" \/>\n<meta property=\"article:published_time\" content=\"2025-12-08T08:00:00+00:00\" \/>\n<meta name=\"author\" content=\"Dino di Carlo\" \/>\n<meta name=\"twitter:card\" content=\"summary_large_image\" \/>\n<meta name=\"twitter:label1\" content=\"Escrito por\" \/>\n\t<meta name=\"twitter:data1\" content=\"Dino di Carlo\" \/>\n\t<meta name=\"twitter:label2\" content=\"Tiempo de lectura\" \/>\n\t<meta name=\"twitter:data2\" content=\"2 minutos\" \/>\n<script type=\"application\/ld+json\" class=\"yoast-schema-graph\">{\"@context\":\"https:\/\/schema.org\",\"@graph\":[{\"@type\":\"Article\",\"@id\":\"https:\/\/www.analogist.de\/tu-voz-importa-ayudanos-a-dar-forma-al-futuro-de-analogist-de\/#article\",\"isPartOf\":{\"@id\":\"https:\/\/www.analogist.de\/tu-voz-importa-ayudanos-a-dar-forma-al-futuro-de-analogist-de\/\"},\"author\":{\"name\":\"Dino di Carlo\",\"@id\":\"https:\/\/www.analogist.de\/en\/#\/schema\/person\/8b088ad7e7f214ba485a46fc9b1a6278\"},\"headline\":\"Tu voz importa: Ay\u00fadanos a dar forma al futuro de Analogist.de\",\"datePublished\":\"2025-12-08T08:00:00+00:00\",\"mainEntityOfPage\":{\"@id\":\"https:\/\/www.analogist.de\/tu-voz-importa-ayudanos-a-dar-forma-al-futuro-de-analogist-de\/\"},\"wordCount\":403,\"image\":{\"@id\":\"https:\/\/www.analogist.de\/tu-voz-importa-ayudanos-a-dar-forma-al-futuro-de-analogist-de\/#primaryimage\"},\"thumbnailUrl\":\"https:\/\/www.analogist.de\/wp-content\/uploads\/2025\/12\/eure-stimme-zaehlt-helft-uns-die-zukunft-von-analogistde-zu-gestalten-1.jpg\",\"articleSection\":{\"1\":\"Unkategorisiert\"},\"inLanguage\":\"es\"},{\"@type\":\"WebPage\",\"@id\":\"https:\/\/www.analogist.de\/tu-voz-importa-ayudanos-a-dar-forma-al-futuro-de-analogist-de\/\",\"url\":\"https:\/\/www.analogist.de\/tu-voz-importa-ayudanos-a-dar-forma-al-futuro-de-analogist-de\/\",\"name\":\"Tu voz importa: Ay\u00fadanos a dar forma al futuro de Analogist.de - Analogist - Die Lust am Analogen\",\"isPartOf\":{\"@id\":\"https:\/\/www.analogist.de\/en\/#website\"},\"primaryImageOfPage\":{\"@id\":\"https:\/\/www.analogist.de\/tu-voz-importa-ayudanos-a-dar-forma-al-futuro-de-analogist-de\/#primaryimage\"},\"image\":{\"@id\":\"https:\/\/www.analogist.de\/tu-voz-importa-ayudanos-a-dar-forma-al-futuro-de-analogist-de\/#primaryimage\"},\"thumbnailUrl\":\"https:\/\/www.analogist.de\/wp-content\/uploads\/2025\/12\/eure-stimme-zaehlt-helft-uns-die-zukunft-von-analogistde-zu-gestalten-1.jpg\",\"datePublished\":\"2025-12-08T08:00:00+00:00\",\"author\":{\"@id\":\"https:\/\/www.analogist.de\/en\/#\/schema\/person\/8b088ad7e7f214ba485a46fc9b1a6278\"},\"breadcrumb\":{\"@id\":\"https:\/\/www.analogist.de\/tu-voz-importa-ayudanos-a-dar-forma-al-futuro-de-analogist-de\/#breadcrumb\"},\"inLanguage\":\"es\",\"potentialAction\":[{\"@type\":\"ReadAction\",\"target\":[\"https:\/\/www.analogist.de\/tu-voz-importa-ayudanos-a-dar-forma-al-futuro-de-analogist-de\/\"]}]},{\"@type\":\"ImageObject\",\"inLanguage\":\"es\",\"@id\":\"https:\/\/www.analogist.de\/tu-voz-importa-ayudanos-a-dar-forma-al-futuro-de-analogist-de\/#primaryimage\",\"url\":\"https:\/\/www.analogist.de\/wp-content\/uploads\/2025\/12\/eure-stimme-zaehlt-helft-uns-die-zukunft-von-analogistde-zu-gestalten-1.jpg\",\"contentUrl\":\"https:\/\/www.analogist.de\/wp-content\/uploads\/2025\/12\/eure-stimme-zaehlt-helft-uns-die-zukunft-von-analogistde-zu-gestalten-1.jpg\",\"width\":1024,\"height\":800},{\"@type\":\"BreadcrumbList\",\"@id\":\"https:\/\/www.analogist.de\/tu-voz-importa-ayudanos-a-dar-forma-al-futuro-de-analogist-de\/#breadcrumb\",\"itemListElement\":[{\"@type\":\"ListItem\",\"position\":1,\"name\":\"Startseite\",\"item\":\"https:\/\/www.analogist.de\/es\/analogista-lo-analogico-nunca-ha-sido-tan-digital\/\"},{\"@type\":\"ListItem\",\"position\":2,\"name\":\"Tu voz importa: Ay\u00fadanos a dar forma al futuro de Analogist.de\"}]},{\"@type\":\"WebSite\",\"@id\":\"https:\/\/www.analogist.de\/en\/#website\",\"url\":\"https:\/\/www.analogist.de\/en\/\",\"name\":\"Analogist - Die Lust am Analogen\",\"description\":\"Analog im Zeitalter der digitalen Medien erleben\",\"potentialAction\":[{\"@type\":\"SearchAction\",\"target\":{\"@type\":\"EntryPoint\",\"urlTemplate\":\"https:\/\/www.analogist.de\/en\/?s={search_term_string}\"},\"query-input\":{\"@type\":\"PropertyValueSpecification\",\"valueRequired\":true,\"valueName\":\"search_term_string\"}}],\"inLanguage\":\"es\"},{\"@type\":\"Person\",\"@id\":\"https:\/\/www.analogist.de\/en\/#\/schema\/person\/8b088ad7e7f214ba485a46fc9b1a6278\",\"name\":\"Dino di Carlo\",\"image\":{\"@type\":\"ImageObject\",\"inLanguage\":\"es\",\"@id\":\"https:\/\/www.analogist.de\/en\/#\/schema\/person\/image\/\",\"url\":\"https:\/\/secure.gravatar.com\/avatar\/53944d2c76284b2c82fcc382390f84ffac5b784a078f6fd7c6a0065b9ad1c9ad?s=96&d=mm&r=g\",\"contentUrl\":\"https:\/\/secure.gravatar.com\/avatar\/53944d2c76284b2c82fcc382390f84ffac5b784a078f6fd7c6a0065b9ad1c9ad?s=96&d=mm&r=g\",\"caption\":\"Dino di Carlo\"},\"url\":\"https:\/\/www.analogist.de\/es\/author\/n8n-content\/\"}]}<\/script>\n<!-- \/ Yoast SEO plugin. -->","yoast_head_json":{"title":"Tu voz importa: Ay\u00fadanos a dar forma al futuro de Analogist.de - Analogist - Die Lust am Analogen","robots":{"index":"index","follow":"follow","max-snippet":"max-snippet:-1","max-image-preview":"max-image-preview:large","max-video-preview":"max-video-preview:-1"},"canonical":"https:\/\/www.analogist.de\/tu-voz-importa-ayudanos-a-dar-forma-al-futuro-de-analogist-de\/","og_locale":"es_ES","og_type":"article","og_title":"Tu voz importa: Ay\u00fadanos a dar forma al futuro de Analogist.de - Analogist - Die Lust am Analogen","og_description":"Creemos en el poder de los comentarios de la comunidad. \u00a1Comparte tus ideas! Tu voz importa: Ay\u00fadanos a dar forma al futuro de Analogist.de En Analogist.de, estamos comprometidos a crear productos que satisfagan las necesidades y deseos de nuestra comunidad. Entendemos que tus comentarios son cruciales para guiar nuestro desarrollo y dar forma al futuro. [&hellip;]","og_url":"https:\/\/www.analogist.de\/tu-voz-importa-ayudanos-a-dar-forma-al-futuro-de-analogist-de\/","og_site_name":"Analogist - Die Lust am Analogen","article_published_time":"2025-12-08T08:00:00+00:00","author":"Dino di Carlo","twitter_card":"summary_large_image","twitter_misc":{"Escrito por":"Dino di Carlo","Tiempo de lectura":"2 minutos"},"schema":{"@context":"https:\/\/schema.org","@graph":[{"@type":"Article","@id":"https:\/\/www.analogist.de\/tu-voz-importa-ayudanos-a-dar-forma-al-futuro-de-analogist-de\/#article","isPartOf":{"@id":"https:\/\/www.analogist.de\/tu-voz-importa-ayudanos-a-dar-forma-al-futuro-de-analogist-de\/"},"author":{"name":"Dino di Carlo","@id":"https:\/\/www.analogist.de\/en\/#\/schema\/person\/8b088ad7e7f214ba485a46fc9b1a6278"},"headline":"Tu voz importa: Ay\u00fadanos a dar forma al futuro de Analogist.de","datePublished":"2025-12-08T08:00:00+00:00","mainEntityOfPage":{"@id":"https:\/\/www.analogist.de\/tu-voz-importa-ayudanos-a-dar-forma-al-futuro-de-analogist-de\/"},"wordCount":403,"image":{"@id":"https:\/\/www.analogist.de\/tu-voz-importa-ayudanos-a-dar-forma-al-futuro-de-analogist-de\/#primaryimage"},"thumbnailUrl":"https:\/\/www.analogist.de\/wp-content\/uploads\/2025\/12\/eure-stimme-zaehlt-helft-uns-die-zukunft-von-analogistde-zu-gestalten-1.jpg","articleSection":{"1":"Unkategorisiert"},"inLanguage":"es"},{"@type":"WebPage","@id":"https:\/\/www.analogist.de\/tu-voz-importa-ayudanos-a-dar-forma-al-futuro-de-analogist-de\/","url":"https:\/\/www.analogist.de\/tu-voz-importa-ayudanos-a-dar-forma-al-futuro-de-analogist-de\/","name":"Tu voz importa: Ay\u00fadanos a dar forma al futuro de Analogist.de - Analogist - Die Lust am Analogen","isPartOf":{"@id":"https:\/\/www.analogist.de\/en\/#website"},"primaryImageOfPage":{"@id":"https:\/\/www.analogist.de\/tu-voz-importa-ayudanos-a-dar-forma-al-futuro-de-analogist-de\/#primaryimage"},"image":{"@id":"https:\/\/www.analogist.de\/tu-voz-importa-ayudanos-a-dar-forma-al-futuro-de-analogist-de\/#primaryimage"},"thumbnailUrl":"https:\/\/www.analogist.de\/wp-content\/uploads\/2025\/12\/eure-stimme-zaehlt-helft-uns-die-zukunft-von-analogistde-zu-gestalten-1.jpg","datePublished":"2025-12-08T08:00:00+00:00","author":{"@id":"https:\/\/www.analogist.de\/en\/#\/schema\/person\/8b088ad7e7f214ba485a46fc9b1a6278"},"breadcrumb":{"@id":"https:\/\/www.analogist.de\/tu-voz-importa-ayudanos-a-dar-forma-al-futuro-de-analogist-de\/#breadcrumb"},"inLanguage":"es","potentialAction":[{"@type":"ReadAction","target":["https:\/\/www.analogist.de\/tu-voz-importa-ayudanos-a-dar-forma-al-futuro-de-analogist-de\/"]}]},{"@type":"ImageObject","inLanguage":"es","@id":"https:\/\/www.analogist.de\/tu-voz-importa-ayudanos-a-dar-forma-al-futuro-de-analogist-de\/#primaryimage","url":"https:\/\/www.analogist.de\/wp-content\/uploads\/2025\/12\/eure-stimme-zaehlt-helft-uns-die-zukunft-von-analogistde-zu-gestalten-1.jpg","contentUrl":"https:\/\/www.analogist.de\/wp-content\/uploads\/2025\/12\/eure-stimme-zaehlt-helft-uns-die-zukunft-von-analogistde-zu-gestalten-1.jpg","width":1024,"height":800},{"@type":"BreadcrumbList","@id":"https:\/\/www.analogist.de\/tu-voz-importa-ayudanos-a-dar-forma-al-futuro-de-analogist-de\/#breadcrumb","itemListElement":[{"@type":"ListItem","position":1,"name":"Startseite","item":"https:\/\/www.analogist.de\/es\/analogista-lo-analogico-nunca-ha-sido-tan-digital\/"},{"@type":"ListItem","position":2,"name":"Tu voz importa: Ay\u00fadanos a dar forma al futuro de Analogist.de"}]},{"@type":"WebSite","@id":"https:\/\/www.analogist.de\/en\/#website","url":"https:\/\/www.analogist.de\/en\/","name":"Analogist - Die Lust am Analogen","description":"Analog im Zeitalter der digitalen Medien erleben","potentialAction":[{"@type":"SearchAction","target":{"@type":"EntryPoint","urlTemplate":"https:\/\/www.analogist.de\/en\/?s={search_term_string}"},"query-input":{"@type":"PropertyValueSpecification","valueRequired":true,"valueName":"search_term_string"}}],"inLanguage":"es"},{"@type":"Person","@id":"https:\/\/www.analogist.de\/en\/#\/schema\/person\/8b088ad7e7f214ba485a46fc9b1a6278","name":"Dino di Carlo","image":{"@type":"ImageObject","inLanguage":"es","@id":"https:\/\/www.analogist.de\/en\/#\/schema\/person\/image\/","url":"https:\/\/secure.gravatar.com\/avatar\/53944d2c76284b2c82fcc382390f84ffac5b784a078f6fd7c6a0065b9ad1c9ad?s=96&d=mm&r=g","contentUrl":"https:\/\/secure.gravatar.com\/avatar\/53944d2c76284b2c82fcc382390f84ffac5b784a078f6fd7c6a0065b9ad1c9ad?s=96&d=mm&r=g","caption":"Dino di Carlo"},"url":"https:\/\/www.analogist.de\/es\/author\/n8n-content\/"}]}},"jetpack_featured_media_url":"https:\/\/www.analogist.de\/wp-content\/uploads\/2025\/12\/eure-stimme-zaehlt-helft-uns-die-zukunft-von-analogistde-zu-gestalten-1.jpg","jetpack_sharing_enabled":true,"_links":{"self":[{"href":"https:\/\/www.analogist.de\/es\/wp-json\/wp\/v2\/posts\/2141","targetHints":{"allow":["GET"]}}],"collection":[{"href":"https:\/\/www.analogist.de\/es\/wp-json\/wp\/v2\/posts"}],"about":[{"href":"https:\/\/www.analogist.de\/es\/wp-json\/wp\/v2\/types\/post"}],"author":[{"embeddable":true,"href":"https:\/\/www.analogist.de\/es\/wp-json\/wp\/v2\/users\/94"}],"replies":[{"embeddable":true,"href":"https:\/\/www.analogist.de\/es\/wp-json\/wp\/v2\/comments?post=2141"}],"version-history":[{"count":0,"href":"https:\/\/www.analogist.de\/es\/wp-json\/wp\/v2\/posts\/2141\/revisions"}],"wp:featuredmedia":[{"embeddable":true,"href":"https:\/\/www.analogist.de\/es\/wp-json\/wp\/v2\/media\/2136"}],"wp:attachment":[{"href":"https:\/\/www.analogist.de\/es\/wp-json\/wp\/v2\/media?parent=2141"}],"wp:term":[{"taxonomy":"category","embeddable":true,"href":"https:\/\/www.analogist.de\/es\/wp-json\/wp\/v2\/categories?post=2141"},{"taxonomy":"post_tag","embeddable":true,"href":"https:\/\/www.analogist.de\/es\/wp-json\/wp\/v2\/tags?post=2141"}],"curies":[{"name":"wp","href":"https:\/\/api.w.org\/{rel}","templated":true}]}}